{"id":8130,"date":"2026-09-02T13:56:30","date_gmt":"2026-09-02T16:56:30","guid":{"rendered":"https:\/\/latinaradio.cl\/?p=8130"},"modified":"2026-09-02T13:56:30","modified_gmt":"2026-09-02T16:56:30","slug":"limache-prepara-su-fiesta-de-la-chilenidad-con-cuatro-jornadas-gratuitas-durante-fiestas-patrias","status":"publish","type":"post","link":"https:\/\/latinaradio.cl\/index.php\/2026\/09\/02\/limache-prepara-su-fiesta-de-la-chilenidad-con-cuatro-jornadas-gratuitas-durante-fiestas-patrias\/","title":{"rendered":"Limache prepara su Fiesta de la Chilenidad con cuatro jornadas gratuitas durante Fiestas Patrias"},"content":{"rendered":"<p>El Concejo Municipal de Limache aprob\u00f3 oficialmente la realizaci\u00f3n de la tradicional <strong>Fiesta de la Chilenidad 2026<\/strong>, uno de los principales eventos de celebraci\u00f3n de Fiestas Patrias de la comuna y que se presenta como una de las actividades gratuitas m\u00e1s grandes de la Regi\u00f3n de Valpara\u00edso.<\/p>\n<p>La celebraci\u00f3n se desarrollar\u00e1 entre el <strong>jueves 17 y el domingo 20 de septiembre<\/strong> en las instalaciones del <strong>Estadio Municipal \u00c1ngel Navarrete Candia<\/strong>, donde se concentrar\u00e1n durante cuatro jornadas las principales actividades de la programaci\u00f3n dieciochera.<\/p>\n<p>El recinto contar\u00e1 con la instalaci\u00f3n de <strong>fondas y ramadas<\/strong>, espect\u00e1culos musicales de acceso gratuito, actividades para ni\u00f1os y ni\u00f1as, adem\u00e1s de competencias y juegos t\u00edpicos, buscando ofrecer una alternativa de celebraci\u00f3n para las familias de Limache y visitantes de distintas comunas.<\/p>\n<h2>Impacto en el turismo y la econom\u00eda local<\/h2>\n<p>El alcalde de Limache, <strong>Luciano Valenzuela<\/strong>, valor\u00f3 la aprobaci\u00f3n de la actividad y destac\u00f3 el impacto que este tipo de celebraciones genera en el comercio, el turismo y la econom\u00eda local.<\/p>\n<p>La autoridad extendi\u00f3 la invitaci\u00f3n a los vecinos de Limache y a las familias de toda la <strong>Regi\u00f3n de Valpara\u00edso y la Regi\u00f3n Metropolitana<\/strong> para participar de las cuatro jornadas de celebraci\u00f3n.<\/p>\n<p>La Fiesta de la Chilenidad busca adem\u00e1s posicionar a Limache como uno de los principales puntos de encuentro de la zona central durante las celebraciones de Fiestas Patrias, ofreciendo actividades gratuitas y espacios de convivencia para toda la comunidad.<\/p>\n<h2>Fonda Los Laureles tambi\u00e9n se suma a las celebraciones<\/h2>\n<p>A esta programaci\u00f3n se suma la tradicional <strong>Fonda Los Laureles<\/strong>, que se realizar\u00e1 desde el <strong>viernes 18 hasta el domingo 20 de septiembre<\/strong>, con una invitaci\u00f3n abierta a toda la comunidad.<\/p>\n<p>La actividad tendr\u00e1 lugar en la <strong>Cancha Queronque, Avenida Los Laureles, poste 61<\/strong>, y funcionar\u00e1 entre las <strong>12:00 y las 20:00 horas<\/strong>.<\/p>\n<p>De esta manera, Limache contar\u00e1 durante el fin de semana largo con distintas alternativas para celebrar las Fiestas Patrias, combinando m\u00fasica, gastronom\u00eda, tradiciones y actividades familiares.<\/p>\n","protected":false},"excerpt":{"rendered":"<p>El Concejo Municipal de Limache aprob\u00f3 oficialmente la realizaci\u00f3n de la tradicional Fiesta de la Chilenidad 2026, uno de los principales eventos de celebraci\u00f3n de Fiestas Patrias de la comuna y que se presenta como una de las actividades gratuitas m\u00e1s grandes de la Regi\u00f3n de Valpara\u00edso. La celebraci\u00f3n se desarrollar\u00e1 entre el jueves 17 [&hellip;]<\/p>\n","protected":false},"author":2,"featured_media":8131,"comment_status":"closed","ping_status":"open","sticky":false,"template":"","format":"standard","meta":[],"categories":[10],"tags":[],"_links":{"self":[{"href":"https:\/\/latinaradio.cl\/index.php\/wp-json\/wp\/v2\/posts\/8130"}],"collection":[{"href":"https:\/\/latinaradio.cl\/index.php\/wp-json\/wp\/v2\/posts"}],"about":[{"href":"https:\/\/latinaradio.cl\/index.php\/wp-json\/wp\/v2\/types\/post"}],"author":[{"embeddable":true,"href":"https:\/\/latinaradio.cl\/index.php\/wp-json\/wp\/v2\/users\/2"}],"replies":[{"embeddable":true,"href":"https:\/\/latinaradio.cl\/index.php\/wp-json\/wp\/v2\/comments?post=8130"}],"version-history":[{"count":1,"href":"https:\/\/latinaradio.cl\/index.php\/wp-json\/wp\/v2\/posts\/8130\/revisions"}],"predecessor-version":[{"id":8132,"href":"https:\/\/latinaradio.cl\/index.php\/wp-json\/wp\/v2\/posts\/8130\/revisions\/8132"}],"wp:featuredmedia":[{"embeddable":true,"href":"https:\/\/latinaradio.cl\/index.php\/wp-json\/wp\/v2\/media\/8131"}],"wp:attachment":[{"href":"https:\/\/latinaradio.cl\/index.php\/wp-json\/wp\/v2\/media?parent=8130"}],"wp:term":[{"taxonomy":"category","embeddable":true,"href":"https:\/\/latinaradio.cl\/index.php\/wp-json\/wp\/v2\/categories?post=8130"},{"taxonomy":"post_tag","embeddable":true,"href":"https:\/\/latinaradio.cl\/index.php\/wp-json\/wp\/v2\/tags?post=8130"}],"curies":[{"name":"wp","href":"https:\/\/api.w.org\/{rel}","templated":true}]}}