{"id":8133,"date":"2026-09-02T13:59:58","date_gmt":"2026-09-02T16:59:58","guid":{"rendered":"https:\/\/latinaradio.cl\/?p=8133"},"modified":"2026-09-02T13:59:58","modified_gmt":"2026-09-02T16:59:58","slug":"camilo-escalona-se-encuentra-en-coma-inducido-tras-agravamiento-de-su-estado-de-salud","status":"publish","type":"post","link":"https:\/\/latinaradio.cl\/index.php\/2026\/09\/02\/camilo-escalona-se-encuentra-en-coma-inducido-tras-agravamiento-de-su-estado-de-salud\/","title":{"rendered":"Camilo Escalona se encuentra en coma inducido tras agravamiento de su estado de salud"},"content":{"rendered":"<p>Durante la jornada de este mi\u00e9rcoles se inform\u00f3 que el expresidente del Senado y dirigente hist\u00f3rico del Partido Socialista, <strong>Camilo Escalona<\/strong>, se encuentra en <strong>coma inducido<\/strong>, debido al complejo estado de salud que enfrenta.<\/p>\n<p>El exparlamentario padece desde hace un tiempo un <strong>c\u00e1ncer de pr\u00f3stata de car\u00e1cter agresivo<\/strong>, enfermedad que ha requerido atenci\u00f3n m\u00e9dica y hospitalizaciones durante los \u00faltimos meses.<\/p>\n<p>De hecho, Escalona permaneci\u00f3 internado anteriormente en la <strong>Unidad de Cuidados Intensivos (UCI)<\/strong> producto de las complicaciones asociadas a su enfermedad.<\/p>\n<p>La noticia sobre su actual estado de salud gener\u00f3 preocupaci\u00f3n en el \u00e1mbito pol\u00edtico y entre quienes han seguido su extensa trayectoria p\u00fablica. Escalona fue senador durante varios per\u00edodos y ocup\u00f3 la presidencia del Senado, adem\u00e1s de desempe\u00f1ar un rol hist\u00f3rico dentro del Partido Socialista.<\/p>\n<p>Hasta el momento, los antecedentes conocidos dan cuenta de su delicado estado de salud, mientras se mantiene la atenci\u00f3n sobre su evoluci\u00f3n m\u00e9dica.<\/p>\n","protected":false},"excerpt":{"rendered":"<p>Durante la jornada de este mi\u00e9rcoles se inform\u00f3 que el expresidente del Senado y dirigente hist\u00f3rico del Partido Socialista, Camilo Escalona, se encuentra en coma inducido, debido al complejo estado de salud que enfrenta. El exparlamentario padece desde hace un tiempo un c\u00e1ncer de pr\u00f3stata de car\u00e1cter agresivo, enfermedad que ha requerido atenci\u00f3n m\u00e9dica y [&hellip;]<\/p>\n","protected":false},"author":2,"featured_media":8134,"comment_status":"closed","ping_status":"open","sticky":false,"template":"","format":"standard","meta":[],"categories":[3],"tags":[],"_links":{"self":[{"href":"https:\/\/latinaradio.cl\/index.php\/wp-json\/wp\/v2\/posts\/8133"}],"collection":[{"href":"https:\/\/latinaradio.cl\/index.php\/wp-json\/wp\/v2\/posts"}],"about":[{"href":"https:\/\/latinaradio.cl\/index.php\/wp-json\/wp\/v2\/types\/post"}],"author":[{"embeddable":true,"href":"https:\/\/latinaradio.cl\/index.php\/wp-json\/wp\/v2\/users\/2"}],"replies":[{"embeddable":true,"href":"https:\/\/latinaradio.cl\/index.php\/wp-json\/wp\/v2\/comments?post=8133"}],"version-history":[{"count":1,"href":"https:\/\/latinaradio.cl\/index.php\/wp-json\/wp\/v2\/posts\/8133\/revisions"}],"predecessor-version":[{"id":8135,"href":"https:\/\/latinaradio.cl\/index.php\/wp-json\/wp\/v2\/posts\/8133\/revisions\/8135"}],"wp:featuredmedia":[{"embeddable":true,"href":"https:\/\/latinaradio.cl\/index.php\/wp-json\/wp\/v2\/media\/8134"}],"wp:attachment":[{"href":"https:\/\/latinaradio.cl\/index.php\/wp-json\/wp\/v2\/media?parent=8133"}],"wp:term":[{"taxonomy":"category","embeddable":true,"href":"https:\/\/latinaradio.cl\/index.php\/wp-json\/wp\/v2\/categories?post=8133"},{"taxonomy":"post_tag","embeddable":true,"href":"https:\/\/latinaradio.cl\/index.php\/wp-json\/wp\/v2\/tags?post=8133"}],"curies":[{"name":"wp","href":"https:\/\/api.w.org\/{rel}","templated":true}]}}