{"id":8136,"date":"2026-09-02T14:35:48","date_gmt":"2026-09-02T17:35:48","guid":{"rendered":"https:\/\/latinaradio.cl\/?p=8136"},"modified":"2026-09-02T14:35:48","modified_gmt":"2026-09-02T17:35:48","slug":"alcalde-de-puchuncavi-cuestiona-falta-de-respuesta-de-enap-y-pide-canal-de-comunicacion","status":"publish","type":"post","link":"https:\/\/latinaradio.cl\/index.php\/2026\/09\/02\/alcalde-de-puchuncavi-cuestiona-falta-de-respuesta-de-enap-y-pide-canal-de-comunicacion\/","title":{"rendered":"Alcalde de Puchuncav\u00ed cuestiona falta de respuesta de ENAP y pide canal de comunicaci\u00f3n"},"content":{"rendered":"<p>El alcalde de Puchuncav\u00ed, <strong>Marcos Morales Ureta<\/strong>, cuestion\u00f3 p\u00fablicamente la falta de respuesta de la Empresa Nacional del Petr\u00f3leo, ENAP, luego de los reiterados intentos realizados por el municipio para establecer un canal de comunicaci\u00f3n directo con la gerencia general de la compa\u00f1\u00eda.<\/p>\n<p>Seg\u00fan se\u00f1al\u00f3 el jefe comunal, desde <strong>agosto de 2025<\/strong> ha intentado comunicarse con el gerente general de ENAP, <strong>Julio Friedmann<\/strong>, tanto mediante comunicaciones escritas como a trav\u00e9s de llamados telef\u00f3nicos, sin obtener una respuesta hasta el momento.<\/p>\n<p>Morales manifest\u00f3 su preocupaci\u00f3n frente a la ausencia de un di\u00e1logo directo con la empresa, especialmente considerando la importancia de la actividad industrial que se desarrolla en la zona y sus posibles efectos sobre la comunidad.<\/p>\n<h2>Preocupaci\u00f3n por situaci\u00f3n ambiental<\/h2>\n<p>Los cuestionamientos del alcalde se producen en medio de las inquietudes existentes respecto del <strong>desempe\u00f1o ambiental de ENAP<\/strong> y la necesidad de que las autoridades locales cuenten con mayor informaci\u00f3n sobre los procesos que desarrolla la empresa y sus emisiones.<\/p>\n<p>Puchuncav\u00ed forma parte de un territorio que durante d\u00e9cadas ha convivido con una intensa actividad industrial, situaci\u00f3n que ha generado preocupaci\u00f3n entre sus habitantes y autoridades debido a sus posibles impactos ambientales.<\/p>\n<p>Desde el municipio han planteado la importancia de mantener una comunicaci\u00f3n permanente con las empresas que operan en la comuna, especialmente cuando se trata de materias relacionadas con el medioambiente, la salud de la poblaci\u00f3n y la seguridad de las comunidades.<\/p>\n<p>El alcalde sostuvo que continuar\u00e1 buscando establecer contacto con la gerencia de ENAP para obtener respuestas y avanzar en una instancia de di\u00e1logo que permita abordar las inquietudes existentes en torno a la actividad de la empresa en el territorio.<\/p>\n","protected":false},"excerpt":{"rendered":"<p>El alcalde de Puchuncav\u00ed, Marcos Morales Ureta, cuestion\u00f3 p\u00fablicamente la falta de respuesta de la Empresa Nacional del Petr\u00f3leo, ENAP, luego de los reiterados intentos realizados por el municipio para establecer un canal de comunicaci\u00f3n directo con la gerencia general de la compa\u00f1\u00eda. Seg\u00fan se\u00f1al\u00f3 el jefe comunal, desde agosto de 2025 ha intentado comunicarse [&hellip;]<\/p>\n","protected":false},"author":2,"featured_media":8137,"comment_status":"closed","ping_status":"open","sticky":false,"template":"","format":"standard","meta":[],"categories":[4],"tags":[],"_links":{"self":[{"href":"https:\/\/latinaradio.cl\/index.php\/wp-json\/wp\/v2\/posts\/8136"}],"collection":[{"href":"https:\/\/latinaradio.cl\/index.php\/wp-json\/wp\/v2\/posts"}],"about":[{"href":"https:\/\/latinaradio.cl\/index.php\/wp-json\/wp\/v2\/types\/post"}],"author":[{"embeddable":true,"href":"https:\/\/latinaradio.cl\/index.php\/wp-json\/wp\/v2\/users\/2"}],"replies":[{"embeddable":true,"href":"https:\/\/latinaradio.cl\/index.php\/wp-json\/wp\/v2\/comments?post=8136"}],"version-history":[{"count":1,"href":"https:\/\/latinaradio.cl\/index.php\/wp-json\/wp\/v2\/posts\/8136\/revisions"}],"predecessor-version":[{"id":8138,"href":"https:\/\/latinaradio.cl\/index.php\/wp-json\/wp\/v2\/posts\/8136\/revisions\/8138"}],"wp:featuredmedia":[{"embeddable":true,"href":"https:\/\/latinaradio.cl\/index.php\/wp-json\/wp\/v2\/media\/8137"}],"wp:attachment":[{"href":"https:\/\/latinaradio.cl\/index.php\/wp-json\/wp\/v2\/media?parent=8136"}],"wp:term":[{"taxonomy":"category","embeddable":true,"href":"https:\/\/latinaradio.cl\/index.php\/wp-json\/wp\/v2\/categories?post=8136"},{"taxonomy":"post_tag","embeddable":true,"href":"https:\/\/latinaradio.cl\/index.php\/wp-json\/wp\/v2\/tags?post=8136"}],"curies":[{"name":"wp","href":"https:\/\/api.w.org\/{rel}","templated":true}]}}