{"id":8139,"date":"2026-09-02T19:12:03","date_gmt":"2026-09-02T22:12:03","guid":{"rendered":"https:\/\/latinaradio.cl\/?p=8139"},"modified":"2026-09-02T19:12:03","modified_gmt":"2026-09-02T22:12:03","slug":"hospital-carlos-van-buren-reconoce-a-profesional-por-su-excelencia-en-matroneria","status":"publish","type":"post","link":"https:\/\/latinaradio.cl\/index.php\/2026\/09\/02\/hospital-carlos-van-buren-reconoce-a-profesional-por-su-excelencia-en-matroneria\/","title":{"rendered":"Hospital Carlos van Buren reconoce a profesional por su excelencia en Matroner\u00eda"},"content":{"rendered":"<p>En el marco de la conmemoraci\u00f3n del <strong>D\u00eda de la Matroner\u00eda<\/strong>, que se celebra cada 31 de agosto, el Hospital Carlos van Buren de Valpara\u00edso realiz\u00f3 una ceremonia institucional destinada a reconocer y destacar el trabajo que diariamente desarrollan sus equipos de matroner\u00eda en distintas \u00e1reas de atenci\u00f3n.<\/p>\n<p>La actividad puso en valor la labor de las y los profesionales que se desempe\u00f1an en servicios como <strong>Ginecolog\u00eda, Neonatolog\u00eda, atenci\u00f3n del parto y salud sexual y reproductiva<\/strong>, \u00e1reas fundamentales dentro de la atenci\u00f3n hospitalaria y que acompa\u00f1an a las personas en distintas etapas de su vida.<\/p>\n<p>Durante la ceremonia tambi\u00e9n se realiz\u00f3 la entrega de la <strong>tercera versi\u00f3n del Premio a la Excelencia Profesional en Matroner\u00eda<\/strong>, reconocimiento que busca destacar el compromiso, la trayectoria y la calidad del trabajo desarrollado por los profesionales del establecimiento.<\/p>\n<p>En esta oportunidad, la distinci\u00f3n recay\u00f3 en el <strong>matr\u00f3n cl\u00ednico del Servicio de Neonatolog\u00eda, Juan Guillermo Amigo Torrealba<\/strong>, quien cuenta con <strong>12 a\u00f1os de trayectoria en el Hospital Carlos van Buren<\/strong>.<\/p>\n<p>El reconocimiento fue definido mediante una votaci\u00f3n entre pares, instancia en la que participaron integrantes de los equipos del establecimiento para escoger al profesional que ser\u00eda distinguido este a\u00f1o.<\/p>\n<h2>Reconocimiento entre pares<\/h2>\n<p>El jefe de Matroner\u00eda del Hospital Carlos van Buren, <strong>Mario Vergara<\/strong>, explic\u00f3 que para esta tercera versi\u00f3n del premio se implement\u00f3 una nueva modalidad de selecci\u00f3n.<\/p>\n<p>Seg\u00fan detall\u00f3, este a\u00f1o se elabor\u00f3 previamente una n\u00f3mina con profesionales destacados, a partir de la cual posteriormente se realiz\u00f3 la elecci\u00f3n definitiva por parte del personal de la unidad.<\/p>\n<p>La iniciativa busca no solo reconocer una trayectoria profesional, sino tambi\u00e9n poner en valor aquellas caracter\u00edsticas que son fundamentales para el ejercicio de la matroner\u00eda, como el compromiso con los pacientes, el trabajo en equipo, la responsabilidad y la dedicaci\u00f3n demostrada en las labores cotidianas.<\/p>\n<p>En el caso de Juan Guillermo Amigo, su trayectoria de 12 a\u00f1os en el recinto porte\u00f1o y su desempe\u00f1o en el Servicio de Neonatolog\u00eda fueron destacados por sus propios compa\u00f1eros, quienes finalmente determinaron otorgarle este reconocimiento.<\/p>\n<h2>Valoraci\u00f3n del trabajo asistencial<\/h2>\n<p>Durante la ceremonia, el director del Hospital Carlos van Buren, <strong>Dr. Sim\u00f3n Rojas Doll<\/strong>, felicit\u00f3 a las y los profesionales de Matroner\u00eda por el trabajo que desarrollan diariamente en el establecimiento.<\/p>\n<p>La autoridad destac\u00f3 la importancia de la labor cl\u00ednica que realizan estos equipos y reafirm\u00f3 el compromiso del hospital con el fortalecimiento permanente de sus servicios y con la entrega de una atenci\u00f3n de calidad a sus usuarios.<\/p>\n<p>La ceremonia se convirti\u00f3 as\u00ed en una instancia para reconocer p\u00fablicamente el aporte de la Matroner\u00eda dentro del sistema de salud y, especialmente, el trabajo de quienes se desempe\u00f1an en \u00e1reas tan relevantes como el nacimiento, el cuidado neonatal, la salud de la mujer y la salud sexual y reproductiva.<\/p>\n<p>Con esta actividad, el Hospital Carlos van Buren se sum\u00f3 a la conmemoraci\u00f3n del D\u00eda de la Matroner\u00eda, destacando la experiencia y dedicaci\u00f3n de sus equipos asistenciales y reconociendo, a trav\u00e9s del Premio a la Excelencia Profesional, a uno de sus integrantes por el trabajo desarrollado durante sus a\u00f1os de servicio en el recinto porte\u00f1o.<\/p>\n","protected":false},"excerpt":{"rendered":"<p>En el marco de la conmemoraci\u00f3n del D\u00eda de la Matroner\u00eda, que se celebra cada 31 de agosto, el Hospital Carlos van Buren de Valpara\u00edso realiz\u00f3 una ceremonia institucional destinada a reconocer y destacar el trabajo que diariamente desarrollan sus equipos de matroner\u00eda en distintas \u00e1reas de atenci\u00f3n. La actividad puso en valor la labor [&hellip;]<\/p>\n","protected":false},"author":2,"featured_media":8140,"comment_status":"closed","ping_status":"open","sticky":false,"template":"","format":"standard","meta":[],"categories":[4],"tags":[],"_links":{"self":[{"href":"https:\/\/latinaradio.cl\/index.php\/wp-json\/wp\/v2\/posts\/8139"}],"collection":[{"href":"https:\/\/latinaradio.cl\/index.php\/wp-json\/wp\/v2\/posts"}],"about":[{"href":"https:\/\/latinaradio.cl\/index.php\/wp-json\/wp\/v2\/types\/post"}],"author":[{"embeddable":true,"href":"https:\/\/latinaradio.cl\/index.php\/wp-json\/wp\/v2\/users\/2"}],"replies":[{"embeddable":true,"href":"https:\/\/latinaradio.cl\/index.php\/wp-json\/wp\/v2\/comments?post=8139"}],"version-history":[{"count":1,"href":"https:\/\/latinaradio.cl\/index.php\/wp-json\/wp\/v2\/posts\/8139\/revisions"}],"predecessor-version":[{"id":8141,"href":"https:\/\/latinaradio.cl\/index.php\/wp-json\/wp\/v2\/posts\/8139\/revisions\/8141"}],"wp:featuredmedia":[{"embeddable":true,"href":"https:\/\/latinaradio.cl\/index.php\/wp-json\/wp\/v2\/media\/8140"}],"wp:attachment":[{"href":"https:\/\/latinaradio.cl\/index.php\/wp-json\/wp\/v2\/media?parent=8139"}],"wp:term":[{"taxonomy":"category","embeddable":true,"href":"https:\/\/latinaradio.cl\/index.php\/wp-json\/wp\/v2\/categories?post=8139"},{"taxonomy":"post_tag","embeddable":true,"href":"https:\/\/latinaradio.cl\/index.php\/wp-json\/wp\/v2\/tags?post=8139"}],"curies":[{"name":"wp","href":"https:\/\/api.w.org\/{rel}","templated":true}]}}