{"id":8145,"date":"2026-09-02T19:20:02","date_gmt":"2026-09-02T22:20:02","guid":{"rendered":"https:\/\/latinaradio.cl\/?p=8145"},"modified":"2026-09-02T19:20:02","modified_gmt":"2026-09-02T22:20:02","slug":"gigantesca-bandera-chilena-fue-desplegada-en-el-cerro-la-melonita-de-la-calera","status":"publish","type":"post","link":"https:\/\/latinaradio.cl\/index.php\/2026\/09\/02\/gigantesca-bandera-chilena-fue-desplegada-en-el-cerro-la-melonita-de-la-calera\/","title":{"rendered":"Gigantesca bandera chilena fue desplegada en el cerro La Melonita de La Calera"},"content":{"rendered":"<p>Como parte de las tradiciones que marcan la llegada del <strong>Mes de la Patria<\/strong>, la Municipalidad de La Calera realiz\u00f3 el despliegue de una gigantesca bandera chilena en la cumbre del <strong>cerro La Melonita<\/strong>, convirtiendo nuevamente al emblema nacional en uno de los principales atractivos visuales de la comuna durante estas fechas.<\/p>\n<p>La bandera tiene dimensiones de <strong>30 por 51 metros<\/strong> y fue instalada durante una jornada completa de trabajo por los equipos del \u00e1rea operativa municipal. Debido a su gran tama\u00f1o y a la ubicaci\u00f3n escogida, el s\u00edmbolo patrio puede ser apreciado desde distintos sectores de La Calera y localidades aleda\u00f1as.<\/p>\n<p>El alcalde de La Calera, <strong>Johnny Pira\u00edno<\/strong>, destac\u00f3 que esta intervenci\u00f3n forma parte de la programaci\u00f3n comunal del <strong>Mes de la Chilenidad<\/strong>, adem\u00e1s de integrarse a un plan de hermoseamiento territorial impulsado por la administraci\u00f3n municipal.<\/p>\n<h2>M\u00e1s de 5 mil banderas en la comuna<\/h2>\n<p>Junto con el despliegue de la bandera en el cerro La Melonita, el municipio inform\u00f3 que se encuentra realizando la distribuci\u00f3n e instalaci\u00f3n de <strong>m\u00e1s de 5.000 banderas chilenas<\/strong> en distintos barrios de La Calera y Artificio.<\/p>\n<p>La iniciativa busca entregar un ambiente festivo a los espacios p\u00fablicos y acompa\u00f1ar las celebraciones de Fiestas Patrias, reforzando la presencia de los s\u00edmbolos nacionales en diferentes sectores de la comuna.<\/p>\n<p>Desde la Municipalidad hicieron adem\u00e1s un llamado a los vecinos a <strong>cuidar la ornamentaci\u00f3n urbana<\/strong> y a disfrutar de las celebraciones de manera responsable.<\/p>\n<p>De esta forma, La Calera comienza a vestir sus calles y espacios p\u00fablicos con los colores patrios, dando inicio a las actividades que durante septiembre buscar\u00e1n reunir a las familias y comunidades en torno a las tradiciones y celebraciones de la chilenidad.<\/p>\n","protected":false},"excerpt":{"rendered":"<p>Como parte de las tradiciones que marcan la llegada del Mes de la Patria, la Municipalidad de La Calera realiz\u00f3 el despliegue de una gigantesca bandera chilena en la cumbre del cerro La Melonita, convirtiendo nuevamente al emblema nacional en uno de los principales atractivos visuales de la comuna durante estas fechas. La bandera tiene [&hellip;]<\/p>\n","protected":false},"author":2,"featured_media":8146,"comment_status":"closed","ping_status":"open","sticky":false,"template":"","format":"standard","meta":[],"categories":[4],"tags":[],"_links":{"self":[{"href":"https:\/\/latinaradio.cl\/index.php\/wp-json\/wp\/v2\/posts\/8145"}],"collection":[{"href":"https:\/\/latinaradio.cl\/index.php\/wp-json\/wp\/v2\/posts"}],"about":[{"href":"https:\/\/latinaradio.cl\/index.php\/wp-json\/wp\/v2\/types\/post"}],"author":[{"embeddable":true,"href":"https:\/\/latinaradio.cl\/index.php\/wp-json\/wp\/v2\/users\/2"}],"replies":[{"embeddable":true,"href":"https:\/\/latinaradio.cl\/index.php\/wp-json\/wp\/v2\/comments?post=8145"}],"version-history":[{"count":1,"href":"https:\/\/latinaradio.cl\/index.php\/wp-json\/wp\/v2\/posts\/8145\/revisions"}],"predecessor-version":[{"id":8147,"href":"https:\/\/latinaradio.cl\/index.php\/wp-json\/wp\/v2\/posts\/8145\/revisions\/8147"}],"wp:featuredmedia":[{"embeddable":true,"href":"https:\/\/latinaradio.cl\/index.php\/wp-json\/wp\/v2\/media\/8146"}],"wp:attachment":[{"href":"https:\/\/latinaradio.cl\/index.php\/wp-json\/wp\/v2\/media?parent=8145"}],"wp:term":[{"taxonomy":"category","embeddable":true,"href":"https:\/\/latinaradio.cl\/index.php\/wp-json\/wp\/v2\/categories?post=8145"},{"taxonomy":"post_tag","embeddable":true,"href":"https:\/\/latinaradio.cl\/index.php\/wp-json\/wp\/v2\/tags?post=8145"}],"curies":[{"name":"wp","href":"https:\/\/api.w.org\/{rel}","templated":true}]}}