{"id":8148,"date":"2026-09-02T19:26:11","date_gmt":"2026-09-02T22:26:11","guid":{"rendered":"https:\/\/latinaradio.cl\/?p=8148"},"modified":"2026-09-02T19:26:11","modified_gmt":"2026-09-02T22:26:11","slug":"olmue-inaugura-obras-de-mejoramiento-del-club-de-rayuela-granizo-con-inversion-superior-a-60-millones","status":"publish","type":"post","link":"https:\/\/latinaradio.cl\/index.php\/2026\/09\/02\/olmue-inaugura-obras-de-mejoramiento-del-club-de-rayuela-granizo-con-inversion-superior-a-60-millones\/","title":{"rendered":"Olmu\u00e9 inaugura obras de mejoramiento del Club de Rayuela Granizo con inversi\u00f3n superior a $60 millones"},"content":{"rendered":"<p>Con la presencia de autoridades regionales, comunales y representantes de las organizaciones deportivas, se realiz\u00f3 la inauguraci\u00f3n oficial del proyecto de <strong>\u201cMejoramiento Club de Rayuela Granizo\u201d<\/strong>, iniciativa que permiti\u00f3 renovar y mejorar las instalaciones destinadas a la pr\u00e1ctica de este tradicional deporte en la comuna de Olmu\u00e9.<\/p>\n<p>El proyecto cont\u00f3 con financiamiento del <strong>Fondo Regional de Iniciativas Locales (FRIL) del Gobierno Regional de Valpara\u00edso<\/strong>, con una inversi\u00f3n total de <strong>$60.704.382<\/strong>.<\/p>\n<p>Entre las obras ejecutadas se encuentra la construcci\u00f3n de un <strong>radier pulido en la zona principal<\/strong>, adem\u00e1s de un muro de contenci\u00f3n y un nuevo cierre perimetral mediante placa pandereta.<\/p>\n<p>Los trabajos tambi\u00e9n contemplaron la instalaci\u00f3n de <strong>escalerillas de acceso con barandas<\/strong>, esca\u00f1os y sombreaderos, elementos que permitir\u00e1n mejorar las condiciones de seguridad, comodidad y permanencia tanto de los deportistas como de los vecinos que utilizan este espacio comunitario.<\/p>\n<h2>Autoridades destacaron aporte al deporte tradicional<\/h2>\n<p>La ceremonia inaugural estuvo encabezada por el alcalde de Olmu\u00e9, <strong>Jorge Jil Herrera<\/strong>, y el gobernador regional, <strong>Rodrigo Mundaca Cabrera<\/strong>.<\/p>\n<p>Tambi\u00e9n participaron integrantes del Concejo Municipal, los consejeros regionales <strong>Emmanuel Olfos y Elsa Bueno<\/strong>, junto al presidente del Club de Rayuela Granizo, <strong>Constante Moreno<\/strong>, y el presidente de la Asociaci\u00f3n de Rayuela, <strong>Juan Altamirano<\/strong>.<\/p>\n<p>Durante la actividad, las autoridades destacaron el impacto social de esta iniciativa y la importancia de continuar fortaleciendo los espacios destinados a la pr\u00e1ctica de deportes tradicionales, que forman parte de la identidad y las tradiciones de las comunidades locales.<\/p>\n<p>La renovaci\u00f3n del Club de Rayuela Granizo permitir\u00e1 contar con un espacio en mejores condiciones para el desarrollo de encuentros y actividades deportivas, favoreciendo adem\u00e1s la participaci\u00f3n y convivencia de los vecinos.<\/p>\n<p>Finalmente, las autoridades reafirmaron su compromiso de continuar impulsando proyectos destinados al mejoramiento de la <strong>infraestructura comunitaria y deportiva<\/strong>, especialmente aquellas iniciativas que contribuyen a preservar las tradiciones y generar espacios de encuentro para la comunidad.<\/p>\n","protected":false},"excerpt":{"rendered":"<p>Con la presencia de autoridades regionales, comunales y representantes de las organizaciones deportivas, se realiz\u00f3 la inauguraci\u00f3n oficial del proyecto de \u201cMejoramiento Club de Rayuela Granizo\u201d, iniciativa que permiti\u00f3 renovar y mejorar las instalaciones destinadas a la pr\u00e1ctica de este tradicional deporte en la comuna de Olmu\u00e9. El proyecto cont\u00f3 con financiamiento del Fondo Regional [&hellip;]<\/p>\n","protected":false},"author":2,"featured_media":8149,"comment_status":"closed","ping_status":"open","sticky":false,"template":"","format":"standard","meta":[],"categories":[9],"tags":[],"_links":{"self":[{"href":"https:\/\/latinaradio.cl\/index.php\/wp-json\/wp\/v2\/posts\/8148"}],"collection":[{"href":"https:\/\/latinaradio.cl\/index.php\/wp-json\/wp\/v2\/posts"}],"about":[{"href":"https:\/\/latinaradio.cl\/index.php\/wp-json\/wp\/v2\/types\/post"}],"author":[{"embeddable":true,"href":"https:\/\/latinaradio.cl\/index.php\/wp-json\/wp\/v2\/users\/2"}],"replies":[{"embeddable":true,"href":"https:\/\/latinaradio.cl\/index.php\/wp-json\/wp\/v2\/comments?post=8148"}],"version-history":[{"count":1,"href":"https:\/\/latinaradio.cl\/index.php\/wp-json\/wp\/v2\/posts\/8148\/revisions"}],"predecessor-version":[{"id":8150,"href":"https:\/\/latinaradio.cl\/index.php\/wp-json\/wp\/v2\/posts\/8148\/revisions\/8150"}],"wp:featuredmedia":[{"embeddable":true,"href":"https:\/\/latinaradio.cl\/index.php\/wp-json\/wp\/v2\/media\/8149"}],"wp:attachment":[{"href":"https:\/\/latinaradio.cl\/index.php\/wp-json\/wp\/v2\/media?parent=8148"}],"wp:term":[{"taxonomy":"category","embeddable":true,"href":"https:\/\/latinaradio.cl\/index.php\/wp-json\/wp\/v2\/categories?post=8148"},{"taxonomy":"post_tag","embeddable":true,"href":"https:\/\/latinaradio.cl\/index.php\/wp-json\/wp\/v2\/tags?post=8148"}],"curies":[{"name":"wp","href":"https:\/\/api.w.org\/{rel}","templated":true}]}}