{"id":8154,"date":"2026-09-03T22:44:09","date_gmt":"2026-09-04T01:44:09","guid":{"rendered":"https:\/\/latinaradio.cl\/?p=8154"},"modified":"2026-09-03T22:44:09","modified_gmt":"2026-09-04T01:44:09","slug":"mujer-argentina-de-62-anos-se-convierte-en-madre-por-primera-vez-tras-recurrir-a-reproduccion-asistida","status":"publish","type":"post","link":"https:\/\/latinaradio.cl\/index.php\/2026\/09\/03\/mujer-argentina-de-62-anos-se-convierte-en-madre-por-primera-vez-tras-recurrir-a-reproduccion-asistida\/","title":{"rendered":"Mujer argentina de 62 a\u00f1os se convierte en madre por primera vez tras recurrir a reproducci\u00f3n asistida"},"content":{"rendered":"<p>Una mujer argentina de <strong>62 a\u00f1os se convirti\u00f3 en madre por primera vez<\/strong> luego de dar a luz a su hijo David en la provincia de Buenos Aires. El nacimiento ocurri\u00f3 el mi\u00e9rcoles 12 de agosto y se convirti\u00f3 en un caso excepcional debido a la edad de la madre.<\/p>\n<p>La mujer, identificada como Mabel, tuvo un embarazo que, seg\u00fan el equipo m\u00e9dico que la acompa\u00f1\u00f3, evolucion\u00f3 con normalidad. El nacimiento se produjo mediante una <strong>ces\u00e1rea en el Hospital San Felipe<\/strong>.<\/p>\n<p>El peque\u00f1o David naci\u00f3 con un peso de <strong>2 kilos 750 gramos<\/strong> y permaneci\u00f3 inicialmente en el \u00e1rea de Neonatolog\u00eda, mientras su madre se recuperaba del procedimiento.<\/p>\n<h2>Un sue\u00f1o que mantuvo durante a\u00f1os<\/h2>\n<p>Mabel relat\u00f3 que durante a\u00f1os mantuvo el deseo de convertirse en madre, incluso despu\u00e9s de haber llegado a la menopausia.<\/p>\n<p>Para cumplir ese anhelo, recurri\u00f3 a <strong>t\u00e9cnicas de reproducci\u00f3n asistida<\/strong>, logrando finalmente concretar el embarazo y convertirse en madre por primera vez a los 62 a\u00f1os.<\/p>\n<p>La mujer asegur\u00f3 que la llegada de su hijo representa la concreci\u00f3n de un sue\u00f1o que hab\u00eda mantenido durante gran parte de su vida.<\/p>\n<p>\u201cAhora me siento realizada. Y ahora soy feliz. Mirando hacia atr\u00e1s, no era feliz&#8230; Antes me faltaba algo y yo sab\u00eda lo que me faltaba: me faltaba ser madre\u201d, expres\u00f3 en declaraciones al medio Diario El Norte.<\/p>\n<p>El nacimiento de David gener\u00f3 atenci\u00f3n debido a la edad de su madre y se transform\u00f3 para Mabel en el comienzo de una nueva etapa, despu\u00e9s de a\u00f1os de mantener vivo su deseo de formar una familia.<\/p>\n","protected":false},"excerpt":{"rendered":"<p>Una mujer argentina de 62 a\u00f1os se convirti\u00f3 en madre por primera vez luego de dar a luz a su hijo David en la provincia de Buenos Aires. El nacimiento ocurri\u00f3 el mi\u00e9rcoles 12 de agosto y se convirti\u00f3 en un caso excepcional debido a la edad de la madre. La mujer, identificada como Mabel, [&hellip;]<\/p>\n","protected":false},"author":2,"featured_media":8155,"comment_status":"closed","ping_status":"open","sticky":false,"template":"","format":"standard","meta":[],"categories":[11],"tags":[],"_links":{"self":[{"href":"https:\/\/latinaradio.cl\/index.php\/wp-json\/wp\/v2\/posts\/8154"}],"collection":[{"href":"https:\/\/latinaradio.cl\/index.php\/wp-json\/wp\/v2\/posts"}],"about":[{"href":"https:\/\/latinaradio.cl\/index.php\/wp-json\/wp\/v2\/types\/post"}],"author":[{"embeddable":true,"href":"https:\/\/latinaradio.cl\/index.php\/wp-json\/wp\/v2\/users\/2"}],"replies":[{"embeddable":true,"href":"https:\/\/latinaradio.cl\/index.php\/wp-json\/wp\/v2\/comments?post=8154"}],"version-history":[{"count":1,"href":"https:\/\/latinaradio.cl\/index.php\/wp-json\/wp\/v2\/posts\/8154\/revisions"}],"predecessor-version":[{"id":8156,"href":"https:\/\/latinaradio.cl\/index.php\/wp-json\/wp\/v2\/posts\/8154\/revisions\/8156"}],"wp:featuredmedia":[{"embeddable":true,"href":"https:\/\/latinaradio.cl\/index.php\/wp-json\/wp\/v2\/media\/8155"}],"wp:attachment":[{"href":"https:\/\/latinaradio.cl\/index.php\/wp-json\/wp\/v2\/media?parent=8154"}],"wp:term":[{"taxonomy":"category","embeddable":true,"href":"https:\/\/latinaradio.cl\/index.php\/wp-json\/wp\/v2\/categories?post=8154"},{"taxonomy":"post_tag","embeddable":true,"href":"https:\/\/latinaradio.cl\/index.php\/wp-json\/wp\/v2\/tags?post=8154"}],"curies":[{"name":"wp","href":"https:\/\/api.w.org\/{rel}","templated":true}]}}