{"id":8157,"date":"2026-09-03T22:46:59","date_gmt":"2026-09-04T01:46:59","guid":{"rendered":"https:\/\/latinaradio.cl\/?p=8157"},"modified":"2026-09-03T22:46:59","modified_gmt":"2026-09-04T01:46:59","slug":"sueldos-del-consejo-del-banco-central-aumentan-144-y-asignaciones-elevan-remuneraciones-de-sus-principales-autoridades","status":"publish","type":"post","link":"https:\/\/latinaradio.cl\/index.php\/2026\/09\/03\/sueldos-del-consejo-del-banco-central-aumentan-144-y-asignaciones-elevan-remuneraciones-de-sus-principales-autoridades\/","title":{"rendered":"Sueldos del Consejo del Banco Central aumentan 14,4% y asignaciones elevan remuneraciones de sus principales autoridades"},"content":{"rendered":"<p>Las remuneraciones de los integrantes del Consejo del Banco Central registraron un aumento de <strong>14,4%<\/strong>, luego de que se estableciera un nuevo sueldo base para sus integrantes, modificando una tendencia de incrementos m\u00e1s acotados registrada durante los \u00faltimos a\u00f1os.<\/p>\n<p>El cambio qued\u00f3 establecido mediante el <strong>Decreto N.\u00ba 700<\/strong>, firmado el 3 de agosto de 2026 por el Presidente Jos\u00e9 Antonio Kast y el ministro de Hacienda, Jorge Quiroz.<\/p>\n<p>De acuerdo con los antecedentes, desde el <strong>9 de diciembre de 2025<\/strong> los consejeros reciben un sueldo base mensual de <strong>$11.721.502<\/strong>. La remuneraci\u00f3n anterior alcanzaba los <strong>$10.245.008<\/strong>, lo que representa un incremento de $1.476.494.<\/p>\n<h2>Asignaciones adicionales seg\u00fan el cargo<\/h2>\n<p>El decreto mantiene adem\u00e1s la estructura de asignaciones asociadas a responsabilidad y dedicaci\u00f3n exclusiva que se ha aplicado en a\u00f1os anteriores.<\/p>\n<p>En el caso de la presidenta del Banco Central, se contempla una asignaci\u00f3n adicional equivalente al <strong>80% del sueldo base<\/strong>. Para el vicepresidente corresponde a un <strong>60%<\/strong>, mientras que para los dem\u00e1s integrantes del Consejo alcanza un <strong>50% adicional<\/strong>.<\/p>\n<p>Considerando estas asignaciones, la remuneraci\u00f3n mensual de la presidenta llega a <strong>$21.098.704<\/strong>.<\/p>\n<p>En tanto, el vicepresidente alcanza un sueldo de <strong>$18.754.403 mensuales<\/strong>, mientras que los dem\u00e1s consejeros reciben una remuneraci\u00f3n de <strong>$17.582.253<\/strong>.<\/p>\n<p>El reajuste ha puesto nuevamente en el debate p\u00fablico las remuneraciones de las autoridades de organismos aut\u00f3nomos del Estado y la estructura de compensaciones asociada a los cargos de alta responsabilidad dentro de la institucionalidad econ\u00f3mica del pa\u00eds.<\/p>\n","protected":false},"excerpt":{"rendered":"<p>Las remuneraciones de los integrantes del Consejo del Banco Central registraron un aumento de 14,4%, luego de que se estableciera un nuevo sueldo base para sus integrantes, modificando una tendencia de incrementos m\u00e1s acotados registrada durante los \u00faltimos a\u00f1os. El cambio qued\u00f3 establecido mediante el Decreto N.\u00ba 700, firmado el 3 de agosto de 2026 [&hellip;]<\/p>\n","protected":false},"author":2,"featured_media":8158,"comment_status":"closed","ping_status":"open","sticky":false,"template":"","format":"standard","meta":[],"categories":[3],"tags":[],"_links":{"self":[{"href":"https:\/\/latinaradio.cl\/index.php\/wp-json\/wp\/v2\/posts\/8157"}],"collection":[{"href":"https:\/\/latinaradio.cl\/index.php\/wp-json\/wp\/v2\/posts"}],"about":[{"href":"https:\/\/latinaradio.cl\/index.php\/wp-json\/wp\/v2\/types\/post"}],"author":[{"embeddable":true,"href":"https:\/\/latinaradio.cl\/index.php\/wp-json\/wp\/v2\/users\/2"}],"replies":[{"embeddable":true,"href":"https:\/\/latinaradio.cl\/index.php\/wp-json\/wp\/v2\/comments?post=8157"}],"version-history":[{"count":1,"href":"https:\/\/latinaradio.cl\/index.php\/wp-json\/wp\/v2\/posts\/8157\/revisions"}],"predecessor-version":[{"id":8159,"href":"https:\/\/latinaradio.cl\/index.php\/wp-json\/wp\/v2\/posts\/8157\/revisions\/8159"}],"wp:featuredmedia":[{"embeddable":true,"href":"https:\/\/latinaradio.cl\/index.php\/wp-json\/wp\/v2\/media\/8158"}],"wp:attachment":[{"href":"https:\/\/latinaradio.cl\/index.php\/wp-json\/wp\/v2\/media?parent=8157"}],"wp:term":[{"taxonomy":"category","embeddable":true,"href":"https:\/\/latinaradio.cl\/index.php\/wp-json\/wp\/v2\/categories?post=8157"},{"taxonomy":"post_tag","embeddable":true,"href":"https:\/\/latinaradio.cl\/index.php\/wp-json\/wp\/v2\/tags?post=8157"}],"curies":[{"name":"wp","href":"https:\/\/api.w.org\/{rel}","templated":true}]}}