{"id":8160,"date":"2026-09-03T22:53:14","date_gmt":"2026-09-04T01:53:14","guid":{"rendered":"https:\/\/latinaradio.cl\/?p=8160"},"modified":"2026-09-03T22:53:14","modified_gmt":"2026-09-04T01:53:14","slug":"asesinan-a-musico-de-camilo-septimo-junto-a-su-familia-en-el-estado-de-mexico","status":"publish","type":"post","link":"https:\/\/latinaradio.cl\/index.php\/2026\/09\/03\/asesinan-a-musico-de-camilo-septimo-junto-a-su-familia-en-el-estado-de-mexico\/","title":{"rendered":"Asesinan a m\u00fasico de Camilo S\u00e9ptimo junto a su familia en el Estado de M\u00e9xico"},"content":{"rendered":"<p>El m\u00fasico y tecladista <strong>Jonathan Mel\u00e9ndez<\/strong>, integrante de la banda mexicana Camilo S\u00e9ptimo, fue asesinado junto a otras tres personas al interior de un departamento ubicado en el Estado de M\u00e9xico.<\/p>\n<p>De acuerdo con antecedentes entregados por la Polic\u00eda Municipal de <strong>Atizap\u00e1n de Zaragoza<\/strong>, el m\u00fasico, de 35 a\u00f1os, fue encontrado sin vida junto a su esposa embarazada, su hija de tres a\u00f1os y una joven de 21 a\u00f1os.<\/p>\n<p>Seg\u00fan los primeros antecedentes policiales, las cuatro v\u00edctimas presentaban signos de haber sido maniatadas y heridas de bala en la cabeza.<\/p>\n<p>El hecho habr\u00eda ocurrido el pasado <strong>1 de septiembre<\/strong>, entre las 17:00 y las 19:00 horas. De acuerdo con la informaci\u00f3n preliminar, dos hombres habr\u00edan ingresado al edificio donde se encontraba Mel\u00e9ndez.<\/p>\n<p>Tras conocerse el crimen, se inici\u00f3 una investigaci\u00f3n para esclarecer las circunstancias en que ocurrieron los hechos y determinar la identidad y paradero de los responsables.<\/p>\n<p>Jonathan Mel\u00e9ndez era conocido por su participaci\u00f3n como tecladista de <strong>Camilo S\u00e9ptimo<\/strong>, agrupaci\u00f3n mexicana vinculada a la escena del rock alternativo y formada en Ciudad de M\u00e9xico.<\/p>\n<p>Las autoridades contin\u00faan reuniendo antecedentes para establecer el m\u00f3vil del crimen y reconstruir lo ocurrido al interior del inmueble.<\/p>\n","protected":false},"excerpt":{"rendered":"<p>El m\u00fasico y tecladista Jonathan Mel\u00e9ndez, integrante de la banda mexicana Camilo S\u00e9ptimo, fue asesinado junto a otras tres personas al interior de un departamento ubicado en el Estado de M\u00e9xico. De acuerdo con antecedentes entregados por la Polic\u00eda Municipal de Atizap\u00e1n de Zaragoza, el m\u00fasico, de 35 a\u00f1os, fue encontrado sin vida junto a [&hellip;]<\/p>\n","protected":false},"author":2,"featured_media":8161,"comment_status":"closed","ping_status":"open","sticky":false,"template":"","format":"standard","meta":[],"categories":[1],"tags":[],"_links":{"self":[{"href":"https:\/\/latinaradio.cl\/index.php\/wp-json\/wp\/v2\/posts\/8160"}],"collection":[{"href":"https:\/\/latinaradio.cl\/index.php\/wp-json\/wp\/v2\/posts"}],"about":[{"href":"https:\/\/latinaradio.cl\/index.php\/wp-json\/wp\/v2\/types\/post"}],"author":[{"embeddable":true,"href":"https:\/\/latinaradio.cl\/index.php\/wp-json\/wp\/v2\/users\/2"}],"replies":[{"embeddable":true,"href":"https:\/\/latinaradio.cl\/index.php\/wp-json\/wp\/v2\/comments?post=8160"}],"version-history":[{"count":1,"href":"https:\/\/latinaradio.cl\/index.php\/wp-json\/wp\/v2\/posts\/8160\/revisions"}],"predecessor-version":[{"id":8162,"href":"https:\/\/latinaradio.cl\/index.php\/wp-json\/wp\/v2\/posts\/8160\/revisions\/8162"}],"wp:featuredmedia":[{"embeddable":true,"href":"https:\/\/latinaradio.cl\/index.php\/wp-json\/wp\/v2\/media\/8161"}],"wp:attachment":[{"href":"https:\/\/latinaradio.cl\/index.php\/wp-json\/wp\/v2\/media?parent=8160"}],"wp:term":[{"taxonomy":"category","embeddable":true,"href":"https:\/\/latinaradio.cl\/index.php\/wp-json\/wp\/v2\/categories?post=8160"},{"taxonomy":"post_tag","embeddable":true,"href":"https:\/\/latinaradio.cl\/index.php\/wp-json\/wp\/v2\/tags?post=8160"}],"curies":[{"name":"wp","href":"https:\/\/api.w.org\/{rel}","templated":true}]}}