{"id":8163,"date":"2026-09-03T23:23:27","date_gmt":"2026-09-04T02:23:27","guid":{"rendered":"https:\/\/latinaradio.cl\/?p=8163"},"modified":"2026-09-03T23:23:27","modified_gmt":"2026-09-04T02:23:27","slug":"alerta-por-aumento-de-casos-de-distemper-canino-en-quillota-municipio-adquirio-400-vacunas","status":"publish","type":"post","link":"https:\/\/latinaradio.cl\/index.php\/2026\/09\/03\/alerta-por-aumento-de-casos-de-distemper-canino-en-quillota-municipio-adquirio-400-vacunas\/","title":{"rendered":"Alerta por aumento de casos de distemper canino en Quillota: Municipio adquiri\u00f3 400 vacunas"},"content":{"rendered":"<p>Durante las \u00faltimas semanas se ha detectado un aumento de casos de distemper canino en Quillota, situaci\u00f3n que mantiene en alerta a autoridades municipales y organizaciones animalistas.<\/p>\n<p>De acuerdo con los antecedentes recopilados, varios perros han llegado hasta el Centro Veterinario Municipal de Quillota presentando s\u00edntomas compatibles con esta enfermedad viral. Un elemento en com\u00fan entre los casos atendidos es que los animales pertenecen principalmente al sector sur poniente de la comuna, en las cercan\u00edas del Parque Aconcagua.<\/p>\n<p>El distemper es una enfermedad viral altamente contagiosa que puede afectar los sistemas respiratorio, gastrointestinal y neurol\u00f3gico de los perros. Su transmisi\u00f3n puede producirse mediante el contacto directo o la inhalaci\u00f3n de secreciones de un animal infectado, como saliva, fluidos nasales, orina y heces.<\/p>\n<p>Seg\u00fan inform\u00f3 Valentina Silva, m\u00e9dico veterinaria de la Municipalidad de Quillota, hasta el momento han sido atendidas <strong>20 mascotas contagiadas con distemper<\/strong>. A esto se suman tres perros fallecidos, de acuerdo con los registros de Priscila Castillo, representante de Adepa Pro Animal.<\/p>\n<h2>Municipio adquiri\u00f3 400 vacunas<\/h2>\n<p>Frente al brote, la Municipalidad de Quillota adquiri\u00f3 <strong>400 dosis de vacunas<\/strong>, las que ser\u00e1n utilizadas durante los pr\u00f3ximos d\u00edas para inocular a mascotas del sector sur poniente, una de las zonas donde se han concentrado los casos.<\/p>\n<p>Desde el \u00e1rea veterinaria municipal hicieron un llamado a los tutores a revisar el estado de vacunaci\u00f3n de sus perros y mantener al d\u00eda los refuerzos correspondientes.<\/p>\n<p>\u201cEs importante que su mascota, en espec\u00edfico canino, cuente con su plan de vacunaciones al d\u00eda\u201d, se\u00f1al\u00f3 Valentina Silva, quien explic\u00f3 que las vacunas \u00f3ctuple o s\u00e9xtuple requieren refuerzos anuales.<\/p>\n<h2>Recomendaciones para evitar nuevos contagios<\/h2>\n<p>La profesional tambi\u00e9n recomend\u00f3 evitar los paseos en lugares donde exista una alta concentraci\u00f3n de animales, especialmente plazas y espacios p\u00fablicos, as\u00ed como no concurrir a sectores donde se tenga conocimiento de la presencia de perros positivos a la enfermedad.<\/p>\n<p>Asimismo, llam\u00f3 a evitar el contacto con perros enfermos o con animales cuyo estado de vacunaci\u00f3n se desconozca.<\/p>\n<p>Las autoridades y organizaciones animalistas reiteraron la importancia de que los tutores est\u00e9n atentos a cualquier s\u00edntoma compatible con distemper y consulten oportunamente con un m\u00e9dico veterinario, especialmente si sus mascotas presentan signos de enfermedad.<\/p>\n","protected":false},"excerpt":{"rendered":"<p>Durante las \u00faltimas semanas se ha detectado un aumento de casos de distemper canino en Quillota, situaci\u00f3n que mantiene en alerta a autoridades municipales y organizaciones animalistas. De acuerdo con los antecedentes recopilados, varios perros han llegado hasta el Centro Veterinario Municipal de Quillota presentando s\u00edntomas compatibles con esta enfermedad viral. Un elemento en com\u00fan [&hellip;]<\/p>\n","protected":false},"author":2,"featured_media":8164,"comment_status":"closed","ping_status":"open","sticky":false,"template":"","format":"standard","meta":[],"categories":[12],"tags":[],"_links":{"self":[{"href":"https:\/\/latinaradio.cl\/index.php\/wp-json\/wp\/v2\/posts\/8163"}],"collection":[{"href":"https:\/\/latinaradio.cl\/index.php\/wp-json\/wp\/v2\/posts"}],"about":[{"href":"https:\/\/latinaradio.cl\/index.php\/wp-json\/wp\/v2\/types\/post"}],"author":[{"embeddable":true,"href":"https:\/\/latinaradio.cl\/index.php\/wp-json\/wp\/v2\/users\/2"}],"replies":[{"embeddable":true,"href":"https:\/\/latinaradio.cl\/index.php\/wp-json\/wp\/v2\/comments?post=8163"}],"version-history":[{"count":1,"href":"https:\/\/latinaradio.cl\/index.php\/wp-json\/wp\/v2\/posts\/8163\/revisions"}],"predecessor-version":[{"id":8165,"href":"https:\/\/latinaradio.cl\/index.php\/wp-json\/wp\/v2\/posts\/8163\/revisions\/8165"}],"wp:featuredmedia":[{"embeddable":true,"href":"https:\/\/latinaradio.cl\/index.php\/wp-json\/wp\/v2\/media\/8164"}],"wp:attachment":[{"href":"https:\/\/latinaradio.cl\/index.php\/wp-json\/wp\/v2\/media?parent=8163"}],"wp:term":[{"taxonomy":"category","embeddable":true,"href":"https:\/\/latinaradio.cl\/index.php\/wp-json\/wp\/v2\/categories?post=8163"},{"taxonomy":"post_tag","embeddable":true,"href":"https:\/\/latinaradio.cl\/index.php\/wp-json\/wp\/v2\/tags?post=8163"}],"curies":[{"name":"wp","href":"https:\/\/api.w.org\/{rel}","templated":true}]}}