{"id":8169,"date":"2026-09-03T23:48:31","date_gmt":"2026-09-04T02:48:31","guid":{"rendered":"https:\/\/latinaradio.cl\/?p=8169"},"modified":"2026-09-03T23:48:31","modified_gmt":"2026-09-04T02:48:31","slug":"preparan-nueva-linea-25-para-conectar-olmue-y-limache-con-el-hospital-provincial-marga-marga","status":"publish","type":"post","link":"https:\/\/latinaradio.cl\/index.php\/2026\/09\/03\/preparan-nueva-linea-25-para-conectar-olmue-y-limache-con-el-hospital-provincial-marga-marga\/","title":{"rendered":"Preparan nueva L\u00ednea 25 para conectar Olmu\u00e9 y Limache con el Hospital Provincial Marga Marga"},"content":{"rendered":"<p>La pr\u00f3xima apertura del <strong>Hospital Provincial Marga Marga<\/strong>, ubicado en Villa Alemana, plantea un importante desaf\u00edo para los vecinos de las comunas cercanas: contar con un sistema de transporte que permita acceder de manera directa y expedita al nuevo recinto de salud.<\/p>\n<p>En este contexto, actualmente se trabaja en la implementaci\u00f3n de la <strong>L\u00ednea 25<\/strong>, un nuevo servicio de buses que busca conectar directamente <strong>Olmu\u00e9 y Limache con el Hospital Provincial Marga Marga<\/strong>, utilizando el Troncal Sur para posteriormente continuar hacia Villa Alemana y Quilpu\u00e9.<\/p>\n<p>El proyecto contempla establecer <strong>frecuencias y horarios adaptados a las necesidades de pacientes y funcionarios<\/strong>, considerando especialmente los desplazamientos asociados a la atenci\u00f3n m\u00e9dica y las jornadas laborales del personal del hospital.<\/p>\n<p>Adem\u00e1s, se analiza la posibilidad de generar una conexi\u00f3n coordinada con <strong>taxis colectivos y el servicio de EFE Valpara\u00edso<\/strong>, con el objetivo de facilitar los traslados y mejorar la conectividad entre las distintas comunas del territorio.<\/p>\n<p>La implementaci\u00f3n de este nuevo servicio busca convertirse en un apoyo fundamental para los habitantes de <strong>Limache, Olmu\u00e9, Villa Alemana y Quilpu\u00e9<\/strong>, especialmente considerando el impacto que tendr\u00e1 el nuevo hospital en la atenci\u00f3n de salud de la provincia de Marga Marga.<\/p>\n","protected":false},"excerpt":{"rendered":"<p>La pr\u00f3xima apertura del Hospital Provincial Marga Marga, ubicado en Villa Alemana, plantea un importante desaf\u00edo para los vecinos de las comunas cercanas: contar con un sistema de transporte que permita acceder de manera directa y expedita al nuevo recinto de salud. En este contexto, actualmente se trabaja en la implementaci\u00f3n de la L\u00ednea 25, [&hellip;]<\/p>\n","protected":false},"author":2,"featured_media":8170,"comment_status":"closed","ping_status":"open","sticky":false,"template":"","format":"standard","meta":[],"categories":[4],"tags":[],"_links":{"self":[{"href":"https:\/\/latinaradio.cl\/index.php\/wp-json\/wp\/v2\/posts\/8169"}],"collection":[{"href":"https:\/\/latinaradio.cl\/index.php\/wp-json\/wp\/v2\/posts"}],"about":[{"href":"https:\/\/latinaradio.cl\/index.php\/wp-json\/wp\/v2\/types\/post"}],"author":[{"embeddable":true,"href":"https:\/\/latinaradio.cl\/index.php\/wp-json\/wp\/v2\/users\/2"}],"replies":[{"embeddable":true,"href":"https:\/\/latinaradio.cl\/index.php\/wp-json\/wp\/v2\/comments?post=8169"}],"version-history":[{"count":1,"href":"https:\/\/latinaradio.cl\/index.php\/wp-json\/wp\/v2\/posts\/8169\/revisions"}],"predecessor-version":[{"id":8171,"href":"https:\/\/latinaradio.cl\/index.php\/wp-json\/wp\/v2\/posts\/8169\/revisions\/8171"}],"wp:featuredmedia":[{"embeddable":true,"href":"https:\/\/latinaradio.cl\/index.php\/wp-json\/wp\/v2\/media\/8170"}],"wp:attachment":[{"href":"https:\/\/latinaradio.cl\/index.php\/wp-json\/wp\/v2\/media?parent=8169"}],"wp:term":[{"taxonomy":"category","embeddable":true,"href":"https:\/\/latinaradio.cl\/index.php\/wp-json\/wp\/v2\/categories?post=8169"},{"taxonomy":"post_tag","embeddable":true,"href":"https:\/\/latinaradio.cl\/index.php\/wp-json\/wp\/v2\/tags?post=8169"}],"curies":[{"name":"wp","href":"https:\/\/api.w.org\/{rel}","templated":true}]}}