{"id":8175,"date":"2026-09-04T17:46:22","date_gmt":"2026-09-04T20:46:22","guid":{"rendered":"https:\/\/latinaradio.cl\/?p=8175"},"modified":"2026-09-04T17:46:22","modified_gmt":"2026-09-04T20:46:22","slug":"core-de-valparaiso-aprueba-imagen-objetivo-para-modificar-el-premval-en-sector-rural-de-concon","status":"publish","type":"post","link":"https:\/\/latinaradio.cl\/index.php\/2026\/09\/04\/core-de-valparaiso-aprueba-imagen-objetivo-para-modificar-el-premval-en-sector-rural-de-concon\/","title":{"rendered":"CORE de Valpara\u00edso aprueba imagen objetivo para modificar el PREMVAL en sector rural de Conc\u00f3n"},"content":{"rendered":"<p>El plenario del <strong>Consejo Regional de Valpara\u00edso (CORE)<\/strong> aprob\u00f3 por unanimidad la imagen objetivo de la modificaci\u00f3n del <strong>Plan Regulador Metropolitano de Valpara\u00edso (PREMVAL)<\/strong>, espec\u00edficamente en su componente rural y de interfaz rural-urbana.<\/p>\n<p>La aprobaci\u00f3n cont\u00f3 con la presencia de dirigentes vecinales y profesionales de la <strong>Secretar\u00eda Comunal de Planificaci\u00f3n (SECPLAC) de la Municipalidad de Conc\u00f3n<\/strong>, dando inicio formal al proceso de consulta p\u00fablica del instrumento de planificaci\u00f3n territorial, que beneficiar\u00e1 a <strong>11 comunidades del sector rural de la comuna<\/strong>.<\/p>\n<p>La iniciativa se encuentra vinculada al plan de desarrollo comunal y permitir\u00e1 avanzar en la regularizaci\u00f3n de terrenos e infraestructura para las familias que viven en estas zonas, luego de <strong>m\u00e1s de una d\u00e9cada de gestiones<\/strong> para concretar este avance normativo.<\/p>\n<h2>Avance para la conectividad y los servicios<\/h2>\n<p>Desde la SECPLAC de Conc\u00f3n y la consejera regional Tania Valenzuela destacaron que la modificaci\u00f3n busca contribuir a la <strong>consolidaci\u00f3n de la conectividad, el fortalecimiento de los servicios locales y una mayor equidad territorial<\/strong> para las comunidades rurales.<\/p>\n<p>Con la aprobaci\u00f3n de la imagen objetivo se abre ahora una nueva etapa de <strong>participaci\u00f3n ciudadana<\/strong>, instancia en la que los vecinos podr\u00e1n conocer la propuesta, analizar sus alcances y presentar sus observaciones dentro del proceso establecido para la modificaci\u00f3n del instrumento.<\/p>\n<p>El avance es considerado un paso relevante para las familias del sector rural de Conc\u00f3n, que durante a\u00f1os han impulsado gestiones para mejorar las condiciones de planificaci\u00f3n, regularizaci\u00f3n y desarrollo de sus territorios.<\/p>\n","protected":false},"excerpt":{"rendered":"<p>El plenario del Consejo Regional de Valpara\u00edso (CORE) aprob\u00f3 por unanimidad la imagen objetivo de la modificaci\u00f3n del Plan Regulador Metropolitano de Valpara\u00edso (PREMVAL), espec\u00edficamente en su componente rural y de interfaz rural-urbana. La aprobaci\u00f3n cont\u00f3 con la presencia de dirigentes vecinales y profesionales de la Secretar\u00eda Comunal de Planificaci\u00f3n (SECPLAC) de la Municipalidad de [&hellip;]<\/p>\n","protected":false},"author":2,"featured_media":8176,"comment_status":"closed","ping_status":"open","sticky":false,"template":"","format":"standard","meta":[],"categories":[4],"tags":[],"_links":{"self":[{"href":"https:\/\/latinaradio.cl\/index.php\/wp-json\/wp\/v2\/posts\/8175"}],"collection":[{"href":"https:\/\/latinaradio.cl\/index.php\/wp-json\/wp\/v2\/posts"}],"about":[{"href":"https:\/\/latinaradio.cl\/index.php\/wp-json\/wp\/v2\/types\/post"}],"author":[{"embeddable":true,"href":"https:\/\/latinaradio.cl\/index.php\/wp-json\/wp\/v2\/users\/2"}],"replies":[{"embeddable":true,"href":"https:\/\/latinaradio.cl\/index.php\/wp-json\/wp\/v2\/comments?post=8175"}],"version-history":[{"count":1,"href":"https:\/\/latinaradio.cl\/index.php\/wp-json\/wp\/v2\/posts\/8175\/revisions"}],"predecessor-version":[{"id":8177,"href":"https:\/\/latinaradio.cl\/index.php\/wp-json\/wp\/v2\/posts\/8175\/revisions\/8177"}],"wp:featuredmedia":[{"embeddable":true,"href":"https:\/\/latinaradio.cl\/index.php\/wp-json\/wp\/v2\/media\/8176"}],"wp:attachment":[{"href":"https:\/\/latinaradio.cl\/index.php\/wp-json\/wp\/v2\/media?parent=8175"}],"wp:term":[{"taxonomy":"category","embeddable":true,"href":"https:\/\/latinaradio.cl\/index.php\/wp-json\/wp\/v2\/categories?post=8175"},{"taxonomy":"post_tag","embeddable":true,"href":"https:\/\/latinaradio.cl\/index.php\/wp-json\/wp\/v2\/tags?post=8175"}],"curies":[{"name":"wp","href":"https:\/\/api.w.org\/{rel}","templated":true}]}}